{"id":5045,"date":"2019-09-24T08:20:41","date_gmt":"2019-09-24T08:20:41","guid":{"rendered":"http:\/\/atorrak.com\/?p=5045"},"modified":"2019-09-24T08:21:06","modified_gmt":"2019-09-24T08:21:06","slug":"kitarren-entsaioak-2019-2020","status":"publish","type":"post","link":"https:\/\/atorrak.com\/?p=5045","title":{"rendered":"Kitarren entsaioak 2019\/2020"},"content":{"rendered":"<div>Aupa Mutilak!<\/div>\n<div><\/div>\n<div>Denporaldia jada hasi dogu ta horrekin kitarren <a href=\"http:\/\/atorrak.com\/wp-content\/uploads\/2019\/06\/ARATUZTEZ03.jpg\"><img loading=\"lazy\" class=\"wp-image-4535 size-medium alignleft\" src=\"http:\/\/atorrak.com\/wp-content\/uploads\/2019\/06\/ARATUZTEZ03-300x148.jpg\" alt=\"\" width=\"300\" height=\"148\" srcset=\"https:\/\/atorrak.com\/wp-content\/uploads\/2019\/06\/ARATUZTEZ03-300x148.jpg 300w, https:\/\/atorrak.com\/wp-content\/uploads\/2019\/06\/ARATUZTEZ03-768x380.jpg 768w, https:\/\/atorrak.com\/wp-content\/uploads\/2019\/06\/ARATUZTEZ03-1024x506.jpg 1024w, https:\/\/atorrak.com\/wp-content\/uploads\/2019\/06\/ARATUZTEZ03.jpg 1240w\" sizes=\"(max-width: 300px) 100vw, 300px\" \/><\/a> ere hasten dira, hurrengo barikuan, <b>Irailak 27, arratsaldeko 19:30etan<\/b>, ta hortik aurrera horrela izango da hilaren azken barikuetan\u2026 Beraz badakizue sokak prestatu, handiak, txikiak ta besterik ez daukana, eztarrikoak,&#8230; ta animatu!<\/div>\n<div><\/div>\n<div><\/div>\n<div><\/div>\n<div>Lo dicho, empieza la temporada con los ensayos de guitarras, el pr\u00f3ximo viernes<b>, 27 de Sept, a las 19:30<\/b>, y a partir de ah\u00ed todos los \u00faltimos viernes de cada mes&#8230;. Asi pues, ya sab\u00e9is, preparar las cuerdas, mayores, menores y si\u00a0 vienes s\u00f3lo con las cuerdas vocales, tambi\u00e9n bienvenido&#8230;animaos!<\/div>\n<div><\/div>\n<div><b>Tokia: La Le\u00f1era Taberna (hortik mugituko gara entsaio-tokira)<\/b><\/div>\n","protected":false},"excerpt":{"rendered":"<p>Aupa Mutilak! Denporaldia jada hasi dogu ta horrekin kitarren ere hasten dira, hurrengo barikuan, Irailak 27, arratsaldeko 19:30etan, ta hortik aurrera horrela izango da hilaren azken barikuetan\u2026 Beraz badakizue sokak prestatu, handiak, txikiak ta besterik ez daukana, eztarrikoak,&#8230; ta animatu! Lo dicho, empieza la temporada con los ensayos de guitarras, el pr\u00f3ximo viernes, 27 de Sept, a las 19:30, y a partir de ah\u00ed todos&#8230; <\/p>\n<p><a class=\"readmore\" href=\"https:\/\/atorrak.com\/?p=5045\">Read More<\/a><\/p>\n","protected":false},"author":1,"featured_media":0,"comment_status":"open","ping_status":"open","sticky":false,"template":"","format":"standard","meta":[],"categories":[51],"tags":[],"_links":{"self":[{"href":"https:\/\/atorrak.com\/index.php?rest_route=\/wp\/v2\/posts\/5045"}],"collection":[{"href":"https:\/\/atorrak.com\/index.php?rest_route=\/wp\/v2\/posts"}],"about":[{"href":"https:\/\/atorrak.com\/index.php?rest_route=\/wp\/v2\/types\/post"}],"author":[{"embeddable":true,"href":"https:\/\/atorrak.com\/index.php?rest_route=\/wp\/v2\/users\/1"}],"replies":[{"embeddable":true,"href":"https:\/\/atorrak.com\/index.php?rest_route=%2Fwp%2Fv2%2Fcomments&post=5045"}],"version-history":[{"count":1,"href":"https:\/\/atorrak.com\/index.php?rest_route=\/wp\/v2\/posts\/5045\/revisions"}],"predecessor-version":[{"id":5046,"href":"https:\/\/atorrak.com\/index.php?rest_route=\/wp\/v2\/posts\/5045\/revisions\/5046"}],"wp:attachment":[{"href":"https:\/\/atorrak.com\/index.php?rest_route=%2Fwp%2Fv2%2Fmedia&parent=5045"}],"wp:term":[{"taxonomy":"category","embeddable":true,"href":"https:\/\/atorrak.com\/index.php?rest_route=%2Fwp%2Fv2%2Fcategories&post=5045"},{"taxonomy":"post_tag","embeddable":true,"href":"https:\/\/atorrak.com\/index.php?rest_route=%2Fwp%2Fv2%2Ftags&post=5045"}],"curies":[{"name":"wp","href":"https:\/\/api.w.org\/{rel}","templated":true}]}}